{"id":5,"date":"2004-07-08T10:28:16","date_gmt":"2004-07-08T09:28:16","guid":{"rendered":"http:\/\/www.salveregina.it\/wordpress\/?p=5"},"modified":"2018-02-22T21:22:09","modified_gmt":"2018-02-22T20:22:09","slug":"maria-appare-a-celeste","status":"publish","type":"post","link":"http:\/\/www.salveregina.it\/SanBonico\/?p=5","title":{"rendered":"Maria appare a Celeste"},"content":{"rendered":"<p>\u201cTutti i Gioved\u00ec Io verr\u00f2, trova un posto grande, nel verde, vicino a casa dove ci pu\u00f2 stare tantissima gente perch\u00e9 \u00e8 arrivato il momento che la gente deve capire che sono il Signore e la Madonna a comandare il mondo. Non mancare mai un Gioved\u00ec. Io ci sar\u00f2 sempre e, col tempo, dar\u00f2 un segno perch\u00e9 tutti ti credano. Ti raccomando che sia grosso, col tempo verr\u00e0 tanta gente.\u201d<\/p>\n","protected":false},"excerpt":{"rendered":"<p>\u201cTutti i Gioved\u00ec Io verr\u00f2, trova un posto grande, nel verde, vicino a casa dove ci pu\u00f2 stare tantissima gente perch\u00e9 \u00e8 arrivato il momento che la gente deve capire che sono il Signore e la Madonna a comandare il mondo. Non mancare mai un Gioved\u00ec. Io ci sar\u00f2 sempre e, col tempo, dar\u00f2 un [&hellip;]<\/p>\n","protected":false},"author":1,"featured_media":0,"comment_status":"closed","ping_status":"closed","sticky":false,"template":"","format":"standard","meta":[],"categories":[3,2,1],"tags":[],"_links":{"self":[{"href":"http:\/\/www.salveregina.it\/SanBonico\/index.php?rest_route=\/wp\/v2\/posts\/5"}],"collection":[{"href":"http:\/\/www.salveregina.it\/SanBonico\/index.php?rest_route=\/wp\/v2\/posts"}],"about":[{"href":"http:\/\/www.salveregina.it\/SanBonico\/index.php?rest_route=\/wp\/v2\/types\/post"}],"author":[{"embeddable":true,"href":"http:\/\/www.salveregina.it\/SanBonico\/index.php?rest_route=\/wp\/v2\/users\/1"}],"replies":[{"embeddable":true,"href":"http:\/\/www.salveregina.it\/SanBonico\/index.php?rest_route=%2Fwp%2Fv2%2Fcomments&post=5"}],"version-history":[{"count":1,"href":"http:\/\/www.salveregina.it\/SanBonico\/index.php?rest_route=\/wp\/v2\/posts\/5\/revisions"}],"predecessor-version":[{"id":1056,"href":"http:\/\/www.salveregina.it\/SanBonico\/index.php?rest_route=\/wp\/v2\/posts\/5\/revisions\/1056"}],"wp:attachment":[{"href":"http:\/\/www.salveregina.it\/SanBonico\/index.php?rest_route=%2Fwp%2Fv2%2Fmedia&parent=5"}],"wp:term":[{"taxonomy":"category","embeddable":true,"href":"http:\/\/www.salveregina.it\/SanBonico\/index.php?rest_route=%2Fwp%2Fv2%2Fcategories&post=5"},{"taxonomy":"post_tag","embeddable":true,"href":"http:\/\/www.salveregina.it\/SanBonico\/index.php?rest_route=%2Fwp%2Fv2%2Ftags&post=5"}],"curies":[{"name":"wp","href":"https:\/\/api.w.org\/{rel}","templated":true}]}}